{"id":8629,"date":"2026-04-28T16:24:05","date_gmt":"2026-04-28T14:24:05","guid":{"rendered":"https:\/\/czulent.pl\/online-antisemitism-does-not-stay-online\/"},"modified":"2026-04-28T16:48:37","modified_gmt":"2026-04-28T14:48:37","slug":"online-antisemitism-does-not-stay-online","status":"publish","type":"post","link":"https:\/\/czulent.pl\/en\/online-antisemitism-does-not-stay-online\/","title":{"rendered":"Online antisemitism does not stay online"},"content":{"rendered":"\n<p>In recent days, a press article has been published describing the growing wave of antisemitism in Poland\u2014both in the digital sphere and beyond. It is an important voice in the public debate, as it highlights a phenomenon that we, as an expert organization, have been monitoring for years: antisemitism is changing its forms, but it is not disappearing. On the contrary\u2014it is increasingly becoming part of everyday language, online trends, comments, memes, and political messaging.  <\/p>\n\n<p> As the Jewish Association Czulent, we explain what antisemitism is, how it operates, and why it cannot be treated as a marginal issue or merely a \u201ccontroversial opinion.\u201d<br\/><\/p>\n\n<p><strong>\u201cOnline antisemitism does not stay online. Over time, it translates into a real sense of threat, exclusion, and violence.\u201d <\/strong><\/p>\n\n<p>What begins as a \u201cjoke,\u201d a simplification, a false analogy, or a conspiracy theory can very quickly become part of a broader social process. Hate speech normalizes symbolic violence, weakens the response of bystanders, and leads to members of the Jewish community increasingly having to face a sense of threat. <\/p>\n\n<p>This is not just about individual statements or isolated incidents.<\/p>\n\n<p><strong>\u201cIt\u2019s not just about isolated incidents. It\u2019s about a process of normalizing hatred that is increasingly taking place in public and without any sense of shame.\u201d <\/strong><\/p>\n\n<p>That is why we document incidents, analyze antisemitic narratives, and respond where there are violations of the law, the spread of historical falsehoods, Holocaust denial, or the reinforcement of prejudice. Monitoring is, for us, both a diagnostic tool and a starting point for concrete action. <\/p>\n\n<p><strong>\u201cBehind every number in our monitoring there is a real person, a real story, and a real need for a response.\u201d<\/strong><\/p>\n\n<p>Antisemitism is not an abstract phenomenon. It affects real people, shaping their sense of safety, their presence in public space, and their trust in institutions. That is why the response to it cannot be limited to one-off condemnation. What is needed are legal interventions, education, advocacy, and consistent accountability\u2014including for digital platforms and actors that enable the spread of hateful content.   <\/p>\n\n<p><strong>\u201cOur role is to respond: to document, to support those affected, and to advocate for systemic solutions.\u201d<\/strong><\/p>\n\n<p>That is exactly what we do. We respond not just to describe the problem, but to stop it. Antisemitism requires a clear, expert, and consistent response\u2014one grounded in facts, the law, and social responsibility.  <\/p>\n","protected":false},"excerpt":{"rendered":"<p>In recent days, a press article has been published describing the growing wave of antisemitism in Poland\u2014both in the digital sphere and beyond. It is an important voice in the public debate, as it highlights a phenomenon that we, as an expert organization, have been monitoring for years: antisemitism is changing its forms, but it [&hellip;]<\/p>\n","protected":false},"author":5,"featured_media":0,"comment_status":"closed","ping_status":"closed","sticky":false,"template":"","format":"standard","meta":{"footnotes":""},"categories":[239,238],"tags":[345,342,359,373,367],"class_list":["post-8629","post","type-post","status-publish","format-standard","hentry","category-advocacy-and-systemic-change","category-education-and-good-practices","tag-digital-safety","tag-incident-analysis-and-documentation","tag-poland","tag-systemic-change","tag-theory-of-change"],"yoast_head":"<!-- This site is optimized with the Yoast SEO plugin v27.4 - https:\/\/yoast.com\/product\/yoast-seo-wordpress\/ -->\n<title>Online antisemitism does not stay online - \u017bydowskie Stowarzyszenie Czulent<\/title>\n<meta name=\"robots\" content=\"index, follow, max-snippet:-1, max-image-preview:large, max-video-preview:-1\" \/>\n<link rel=\"canonical\" href=\"https:\/\/czulent.pl\/en\/online-antisemitism-does-not-stay-online\/\" \/>\n<meta property=\"og:locale\" content=\"en_US\" \/>\n<meta property=\"og:type\" content=\"article\" \/>\n<meta property=\"og:title\" content=\"Online antisemitism does not stay online - \u017bydowskie Stowarzyszenie Czulent\" \/>\n<meta property=\"og:description\" content=\"In recent days, a press article has been published describing the growing wave of antisemitism in Poland\u2014both in the digital sphere and beyond. It is an important voice in the public debate, as it highlights a phenomenon that we, as an expert organization, have been monitoring for years: antisemitism is changing its forms, but it [&hellip;]\" \/>\n<meta property=\"og:url\" content=\"https:\/\/czulent.pl\/en\/online-antisemitism-does-not-stay-online\/\" \/>\n<meta property=\"og:site_name\" content=\"\u017bydowskie Stowarzyszenie Czulent\" \/>\n<meta property=\"article:published_time\" content=\"2026-04-28T14:24:05+00:00\" \/>\n<meta property=\"article:modified_time\" content=\"2026-04-28T14:48:37+00:00\" \/>\n<meta name=\"author\" content=\"Marta Piotrowska\" \/>\n<meta name=\"twitter:card\" content=\"summary_large_image\" \/>\n<meta name=\"twitter:label1\" content=\"Written by\" \/>\n\t<meta name=\"twitter:data1\" content=\"Marta Piotrowska\" \/>\n\t<meta name=\"twitter:label2\" content=\"Est. reading time\" \/>\n\t<meta name=\"twitter:data2\" content=\"2 minutes\" \/>\n<script type=\"application\/ld+json\" class=\"yoast-schema-graph\">{\"@context\":\"https:\\\/\\\/schema.org\",\"@graph\":[{\"@type\":\"Article\",\"@id\":\"https:\\\/\\\/czulent.pl\\\/en\\\/online-antisemitism-does-not-stay-online\\\/#article\",\"isPartOf\":{\"@id\":\"https:\\\/\\\/czulent.pl\\\/en\\\/online-antisemitism-does-not-stay-online\\\/\"},\"author\":{\"name\":\"Marta Piotrowska\",\"@id\":\"https:\\\/\\\/czulent.pl\\\/en\\\/#\\\/schema\\\/person\\\/86496dbf2a318babee53364617d600cc\"},\"headline\":\"Online antisemitism does not stay online\",\"datePublished\":\"2026-04-28T14:24:05+00:00\",\"dateModified\":\"2026-04-28T14:48:37+00:00\",\"mainEntityOfPage\":{\"@id\":\"https:\\\/\\\/czulent.pl\\\/en\\\/online-antisemitism-does-not-stay-online\\\/\"},\"wordCount\":398,\"publisher\":{\"@id\":\"https:\\\/\\\/czulent.pl\\\/en\\\/#organization\"},\"keywords\":[\"digital safety\",\"incident analysis and documentation\",\"Poland\",\"systemic change\",\"theory of change\"],\"articleSection\":[\"Advocacy and systemic change\",\"Education and good practices\"],\"inLanguage\":\"en-US\"},{\"@type\":\"WebPage\",\"@id\":\"https:\\\/\\\/czulent.pl\\\/en\\\/online-antisemitism-does-not-stay-online\\\/\",\"url\":\"https:\\\/\\\/czulent.pl\\\/en\\\/online-antisemitism-does-not-stay-online\\\/\",\"name\":\"Online antisemitism does not stay online - \u017bydowskie Stowarzyszenie Czulent\",\"isPartOf\":{\"@id\":\"https:\\\/\\\/czulent.pl\\\/en\\\/#website\"},\"datePublished\":\"2026-04-28T14:24:05+00:00\",\"dateModified\":\"2026-04-28T14:48:37+00:00\",\"breadcrumb\":{\"@id\":\"https:\\\/\\\/czulent.pl\\\/en\\\/online-antisemitism-does-not-stay-online\\\/#breadcrumb\"},\"inLanguage\":\"en-US\",\"potentialAction\":[{\"@type\":\"ReadAction\",\"target\":[\"https:\\\/\\\/czulent.pl\\\/en\\\/online-antisemitism-does-not-stay-online\\\/\"]}]},{\"@type\":\"BreadcrumbList\",\"@id\":\"https:\\\/\\\/czulent.pl\\\/en\\\/online-antisemitism-does-not-stay-online\\\/#breadcrumb\",\"itemListElement\":[{\"@type\":\"ListItem\",\"position\":1,\"name\":\"Strona g\u0142\u00f3wna\",\"item\":\"https:\\\/\\\/czulent.pl\\\/en\\\/\"},{\"@type\":\"ListItem\",\"position\":2,\"name\":\"Online antisemitism does not stay online\"}]},{\"@type\":\"WebSite\",\"@id\":\"https:\\\/\\\/czulent.pl\\\/en\\\/#website\",\"url\":\"https:\\\/\\\/czulent.pl\\\/en\\\/\",\"name\":\"\u017bydowskie Stowarzyszenie Czulent\",\"description\":\"Stowarzyszenie dzia\u0142a poprzez rzecznictwo polityczne, spo\u0142eczne i prawne, oraz budowanie koalicji na rzecz szerzenia tolerancji, kszta\u0142towania postaw otwarto\u015bci ze szczeg\u00f3lnym naciskiem na dzia\u0142ania pot\u0119piaj\u0105ce antysemityzm.\",\"publisher\":{\"@id\":\"https:\\\/\\\/czulent.pl\\\/en\\\/#organization\"},\"potentialAction\":[{\"@type\":\"SearchAction\",\"target\":{\"@type\":\"EntryPoint\",\"urlTemplate\":\"https:\\\/\\\/czulent.pl\\\/en\\\/?s={search_term_string}\"},\"query-input\":{\"@type\":\"PropertyValueSpecification\",\"valueRequired\":true,\"valueName\":\"search_term_string\"}}],\"inLanguage\":\"en-US\"},{\"@type\":\"Organization\",\"@id\":\"https:\\\/\\\/czulent.pl\\\/en\\\/#organization\",\"name\":\"\u017bydowskie Stowarzyszenie Czulent\",\"url\":\"https:\\\/\\\/czulent.pl\\\/en\\\/\",\"logo\":{\"@type\":\"ImageObject\",\"inLanguage\":\"en-US\",\"@id\":\"https:\\\/\\\/czulent.pl\\\/en\\\/#\\\/schema\\\/logo\\\/image\\\/\",\"url\":\"https:\\\/\\\/czulent.pl\\\/wp-content\\\/uploads\\\/2021\\\/08\\\/czulent-logo-pl.png\",\"contentUrl\":\"https:\\\/\\\/czulent.pl\\\/wp-content\\\/uploads\\\/2021\\\/08\\\/czulent-logo-pl.png\",\"width\":178,\"height\":76,\"caption\":\"\u017bydowskie Stowarzyszenie Czulent\"},\"image\":{\"@id\":\"https:\\\/\\\/czulent.pl\\\/en\\\/#\\\/schema\\\/logo\\\/image\\\/\"}},{\"@type\":\"Person\",\"@id\":\"https:\\\/\\\/czulent.pl\\\/en\\\/#\\\/schema\\\/person\\\/86496dbf2a318babee53364617d600cc\",\"name\":\"Marta Piotrowska\",\"image\":{\"@type\":\"ImageObject\",\"inLanguage\":\"en-US\",\"@id\":\"https:\\\/\\\/secure.gravatar.com\\\/avatar\\\/8310ec3576c43a9853c1a045b21c849b9d4d30297dac7e50ffa9f270bd17535d?s=96&d=mm&r=g\",\"url\":\"https:\\\/\\\/secure.gravatar.com\\\/avatar\\\/8310ec3576c43a9853c1a045b21c849b9d4d30297dac7e50ffa9f270bd17535d?s=96&d=mm&r=g\",\"contentUrl\":\"https:\\\/\\\/secure.gravatar.com\\\/avatar\\\/8310ec3576c43a9853c1a045b21c849b9d4d30297dac7e50ffa9f270bd17535d?s=96&d=mm&r=g\",\"caption\":\"Marta Piotrowska\"},\"url\":\"https:\\\/\\\/czulent.pl\\\/en\\\/author\\\/marta-piotrowska\\\/\"}]}<\/script>\n<!-- \/ Yoast SEO plugin. -->","yoast_head_json":{"title":"Online antisemitism does not stay online - \u017bydowskie Stowarzyszenie Czulent","robots":{"index":"index","follow":"follow","max-snippet":"max-snippet:-1","max-image-preview":"max-image-preview:large","max-video-preview":"max-video-preview:-1"},"canonical":"https:\/\/czulent.pl\/en\/online-antisemitism-does-not-stay-online\/","og_locale":"en_US","og_type":"article","og_title":"Online antisemitism does not stay online - \u017bydowskie Stowarzyszenie Czulent","og_description":"In recent days, a press article has been published describing the growing wave of antisemitism in Poland\u2014both in the digital sphere and beyond. It is an important voice in the public debate, as it highlights a phenomenon that we, as an expert organization, have been monitoring for years: antisemitism is changing its forms, but it [&hellip;]","og_url":"https:\/\/czulent.pl\/en\/online-antisemitism-does-not-stay-online\/","og_site_name":"\u017bydowskie Stowarzyszenie Czulent","article_published_time":"2026-04-28T14:24:05+00:00","article_modified_time":"2026-04-28T14:48:37+00:00","author":"Marta Piotrowska","twitter_card":"summary_large_image","twitter_misc":{"Written by":"Marta Piotrowska","Est. reading time":"2 minutes"},"schema":{"@context":"https:\/\/schema.org","@graph":[{"@type":"Article","@id":"https:\/\/czulent.pl\/en\/online-antisemitism-does-not-stay-online\/#article","isPartOf":{"@id":"https:\/\/czulent.pl\/en\/online-antisemitism-does-not-stay-online\/"},"author":{"name":"Marta Piotrowska","@id":"https:\/\/czulent.pl\/en\/#\/schema\/person\/86496dbf2a318babee53364617d600cc"},"headline":"Online antisemitism does not stay online","datePublished":"2026-04-28T14:24:05+00:00","dateModified":"2026-04-28T14:48:37+00:00","mainEntityOfPage":{"@id":"https:\/\/czulent.pl\/en\/online-antisemitism-does-not-stay-online\/"},"wordCount":398,"publisher":{"@id":"https:\/\/czulent.pl\/en\/#organization"},"keywords":["digital safety","incident analysis and documentation","Poland","systemic change","theory of change"],"articleSection":["Advocacy and systemic change","Education and good practices"],"inLanguage":"en-US"},{"@type":"WebPage","@id":"https:\/\/czulent.pl\/en\/online-antisemitism-does-not-stay-online\/","url":"https:\/\/czulent.pl\/en\/online-antisemitism-does-not-stay-online\/","name":"Online antisemitism does not stay online - \u017bydowskie Stowarzyszenie Czulent","isPartOf":{"@id":"https:\/\/czulent.pl\/en\/#website"},"datePublished":"2026-04-28T14:24:05+00:00","dateModified":"2026-04-28T14:48:37+00:00","breadcrumb":{"@id":"https:\/\/czulent.pl\/en\/online-antisemitism-does-not-stay-online\/#breadcrumb"},"inLanguage":"en-US","potentialAction":[{"@type":"ReadAction","target":["https:\/\/czulent.pl\/en\/online-antisemitism-does-not-stay-online\/"]}]},{"@type":"BreadcrumbList","@id":"https:\/\/czulent.pl\/en\/online-antisemitism-does-not-stay-online\/#breadcrumb","itemListElement":[{"@type":"ListItem","position":1,"name":"Strona g\u0142\u00f3wna","item":"https:\/\/czulent.pl\/en\/"},{"@type":"ListItem","position":2,"name":"Online antisemitism does not stay online"}]},{"@type":"WebSite","@id":"https:\/\/czulent.pl\/en\/#website","url":"https:\/\/czulent.pl\/en\/","name":"\u017bydowskie Stowarzyszenie Czulent","description":"Stowarzyszenie dzia\u0142a poprzez rzecznictwo polityczne, spo\u0142eczne i prawne, oraz budowanie koalicji na rzecz szerzenia tolerancji, kszta\u0142towania postaw otwarto\u015bci ze szczeg\u00f3lnym naciskiem na dzia\u0142ania pot\u0119piaj\u0105ce antysemityzm.","publisher":{"@id":"https:\/\/czulent.pl\/en\/#organization"},"potentialAction":[{"@type":"SearchAction","target":{"@type":"EntryPoint","urlTemplate":"https:\/\/czulent.pl\/en\/?s={search_term_string}"},"query-input":{"@type":"PropertyValueSpecification","valueRequired":true,"valueName":"search_term_string"}}],"inLanguage":"en-US"},{"@type":"Organization","@id":"https:\/\/czulent.pl\/en\/#organization","name":"\u017bydowskie Stowarzyszenie Czulent","url":"https:\/\/czulent.pl\/en\/","logo":{"@type":"ImageObject","inLanguage":"en-US","@id":"https:\/\/czulent.pl\/en\/#\/schema\/logo\/image\/","url":"https:\/\/czulent.pl\/wp-content\/uploads\/2021\/08\/czulent-logo-pl.png","contentUrl":"https:\/\/czulent.pl\/wp-content\/uploads\/2021\/08\/czulent-logo-pl.png","width":178,"height":76,"caption":"\u017bydowskie Stowarzyszenie Czulent"},"image":{"@id":"https:\/\/czulent.pl\/en\/#\/schema\/logo\/image\/"}},{"@type":"Person","@id":"https:\/\/czulent.pl\/en\/#\/schema\/person\/86496dbf2a318babee53364617d600cc","name":"Marta Piotrowska","image":{"@type":"ImageObject","inLanguage":"en-US","@id":"https:\/\/secure.gravatar.com\/avatar\/8310ec3576c43a9853c1a045b21c849b9d4d30297dac7e50ffa9f270bd17535d?s=96&d=mm&r=g","url":"https:\/\/secure.gravatar.com\/avatar\/8310ec3576c43a9853c1a045b21c849b9d4d30297dac7e50ffa9f270bd17535d?s=96&d=mm&r=g","contentUrl":"https:\/\/secure.gravatar.com\/avatar\/8310ec3576c43a9853c1a045b21c849b9d4d30297dac7e50ffa9f270bd17535d?s=96&d=mm&r=g","caption":"Marta Piotrowska"},"url":"https:\/\/czulent.pl\/en\/author\/marta-piotrowska\/"}]}},"_links":{"self":[{"href":"https:\/\/czulent.pl\/en\/wp-json\/wp\/v2\/posts\/8629","targetHints":{"allow":["GET"]}}],"collection":[{"href":"https:\/\/czulent.pl\/en\/wp-json\/wp\/v2\/posts"}],"about":[{"href":"https:\/\/czulent.pl\/en\/wp-json\/wp\/v2\/types\/post"}],"author":[{"embeddable":true,"href":"https:\/\/czulent.pl\/en\/wp-json\/wp\/v2\/users\/5"}],"replies":[{"embeddable":true,"href":"https:\/\/czulent.pl\/en\/wp-json\/wp\/v2\/comments?post=8629"}],"version-history":[{"count":1,"href":"https:\/\/czulent.pl\/en\/wp-json\/wp\/v2\/posts\/8629\/revisions"}],"predecessor-version":[{"id":8630,"href":"https:\/\/czulent.pl\/en\/wp-json\/wp\/v2\/posts\/8629\/revisions\/8630"}],"wp:attachment":[{"href":"https:\/\/czulent.pl\/en\/wp-json\/wp\/v2\/media?parent=8629"}],"wp:term":[{"taxonomy":"category","embeddable":true,"href":"https:\/\/czulent.pl\/en\/wp-json\/wp\/v2\/categories?post=8629"},{"taxonomy":"post_tag","embeddable":true,"href":"https:\/\/czulent.pl\/en\/wp-json\/wp\/v2\/tags?post=8629"}],"curies":[{"name":"wp","href":"https:\/\/api.w.org\/{rel}","templated":true}]}}